{"id":66508,"date":"2019-05-17T09:50:55","date_gmt":"2019-05-17T07:50:55","guid":{"rendered":"http:\/\/www.pancevo.rs\/?p=66508"},"modified":"2019-05-17T14:42:44","modified_gmt":"2019-05-17T12:42:44","slug":"contract-signed-between-pancevo-and-zf-serbia-d-o-o","status":"publish","type":"post","link":"https:\/\/www.pancevo.rs\/en\/news\/contract-signed-between-pancevo-and-zf-serbia-d-o-o\/","title":{"rendered":"Contract signed between Pan\u010devo and ZF Serbia d.o.o."},"content":{"rendered":"<p style=\"text-align: justify;\">On 25.04.2019, a contract was signed about alienation of the construction land on the Cadastre plot 9416\/25 of the Pan\u010devo Cadastre Municipality, between the City of Pan\u010devo and the company ZF Serbia d.o.o., Pan\u010devo.<\/p>\n<p style=\"text-align: justify;\">On behalf of the City, the contract was signed by Sa\u0161a Pavlov, Mayor, and on behalf of the German company ZF Friedrichshafen AG, it was signed by Milan Gruji\u0107, Manager of the company ZF Serbia d.o.o., Pan\u010devo. This contract allows for continuation of activities on obtaining the building permit for construction of the second phase of investment of this company in the North Industrial Zone in Pan\u010devo.<\/p>\n<p style=\"text-align: justify;\">The second phase involves building of a production facility of 29500m<sup>2<\/sup>, building of a research and development centre of 5000m<sup>2<\/sup>, and opening of a minimum of 460 new work places.<\/p>\n","protected":false},"excerpt":{"rendered":"<p>On 25.04.2019, a contract was signed about alienation of the construction land on the Cadastre plot 9416\/25 of the Pan\u010devo Cadastre Municipality, between the City of Pan\u010devo and the company ZF Serbia d.o.o., Pan\u010devo. On behalf of the City, the contract was signed by Sa\u0161a Pavlov, Mayor, and on behalf of the German company ZF Friedrichshafen AG, it was signed by Milan Gruji\u0107, Manager of the company ZF Serbia d.o.o., Pan\u010devo. This contract allows for continuation of activities on obtaining the building permit for construction of the second phase of investment of this company in the North Industrial Zone in Pan\u010devo. The second phase involves building of a production facility of 29500m2, building of a research and development centre of 5000m2, and opening of a minimum of 460 new work places.<\/p>\n","protected":false},"author":36,"featured_media":66423,"comment_status":"open","ping_status":"open","sticky":false,"template":"","format":"standard","meta":{"_cbd_carousel_blocks":"[]","footnotes":""},"categories":[2],"tags":[],"class_list":["post-66508","post","type-post","status-publish","format-standard","has-post-thumbnail","hentry","category-news"],"yoast_head":"<!-- This site is optimized with the Yoast SEO plugin v26.4 - https:\/\/yoast.com\/wordpress\/plugins\/seo\/ -->\n<title>Contract signed between Pan\u010devo and ZF Serbia d.o.o. - \u0413\u0440\u0430\u0434 \u041f\u0430\u043d\u0447\u0435\u0432\u043e<\/title>\n<meta name=\"robots\" content=\"index, follow, max-snippet:-1, max-image-preview:large, max-video-preview:-1\" \/>\n<link rel=\"canonical\" href=\"http:\/\/www.pancevo.rs\/en\/news\/contract-signed-between-pancevo-and-zf-serbia-d-o-o\/\" \/>\n<meta property=\"og:locale\" content=\"en_US\" \/>\n<meta property=\"og:type\" content=\"article\" \/>\n<meta property=\"og:title\" content=\"Contract signed between Pan\u010devo and ZF Serbia d.o.o. - \u0413\u0440\u0430\u0434 \u041f\u0430\u043d\u0447\u0435\u0432\u043e\" \/>\n<meta property=\"og:description\" content=\"On 25.04.2019, a contract was signed about alienation of the construction land on the Cadastre plot 9416\/25 of the Pan\u010devo Cadastre Municipality, between the City of Pan\u010devo and the company ZF Serbia d.o.o., Pan\u010devo. On behalf of the City, the contract was signed by Sa\u0161a Pavlov, Mayor, and on behalf of the German company ZF Friedrichshafen AG, it was signed by Milan Gruji\u0107, Manager of the company ZF Serbia d.o.o., Pan\u010devo. This contract allows for continuation of activities on obtaining the building permit for construction of the second phase of investment of this company in the North Industrial Zone in Pan\u010devo. The second phase involves building of a production facility of 29500m2, building of a research and development centre of 5000m2, and opening of a minimum of 460 new work places.\" \/>\n<meta property=\"og:url\" content=\"http:\/\/www.pancevo.rs\/en\/news\/contract-signed-between-pancevo-and-zf-serbia-d-o-o\/\" \/>\n<meta property=\"og:site_name\" content=\"\u0413\u0440\u0430\u0434 \u041f\u0430\u043d\u0447\u0435\u0432\u043e\" \/>\n<meta property=\"article:published_time\" content=\"2019-05-17T07:50:55+00:00\" \/>\n<meta property=\"article:modified_time\" content=\"2019-05-17T12:42:44+00:00\" \/>\n<meta property=\"og:image\" content=\"http:\/\/www.pancevo.rs\/sadrzaj\/uploads\/2018\/05\/index-1.png\" \/>\n\t<meta property=\"og:image:width\" content=\"275\" \/>\n\t<meta property=\"og:image:height\" content=\"212\" \/>\n\t<meta property=\"og:image:type\" content=\"image\/png\" \/>\n<meta name=\"author\" content=\"Tamara\" \/>\n<meta name=\"twitter:card\" content=\"summary_large_image\" \/>\n<meta name=\"twitter:label1\" content=\"Written by\" \/>\n\t<meta name=\"twitter:data1\" content=\"Tamara\" \/>\n\t<meta name=\"twitter:label2\" content=\"Est. reading time\" \/>\n\t<meta name=\"twitter:data2\" content=\"1 minute\" \/>\n<script type=\"application\/ld+json\" class=\"yoast-schema-graph\">{\"@context\":\"https:\/\/schema.org\",\"@graph\":[{\"@type\":\"WebPage\",\"@id\":\"http:\/\/www.pancevo.rs\/en\/news\/contract-signed-between-pancevo-and-zf-serbia-d-o-o\/\",\"url\":\"http:\/\/www.pancevo.rs\/en\/news\/contract-signed-between-pancevo-and-zf-serbia-d-o-o\/\",\"name\":\"Contract signed between Pan\u010devo and ZF Serbia d.o.o. - \u0413\u0440\u0430\u0434 \u041f\u0430\u043d\u0447\u0435\u0432\u043e\",\"isPartOf\":{\"@id\":\"https:\/\/www.pancevo.rs\/bg\/#website\"},\"primaryImageOfPage\":{\"@id\":\"http:\/\/www.pancevo.rs\/en\/news\/contract-signed-between-pancevo-and-zf-serbia-d-o-o\/#primaryimage\"},\"image\":{\"@id\":\"http:\/\/www.pancevo.rs\/en\/news\/contract-signed-between-pancevo-and-zf-serbia-d-o-o\/#primaryimage\"},\"thumbnailUrl\":\"https:\/\/www.pancevo.rs\/sadrzaj\/uploads\/2018\/05\/index-1.png\",\"datePublished\":\"2019-05-17T07:50:55+00:00\",\"dateModified\":\"2019-05-17T12:42:44+00:00\",\"author\":{\"@id\":\"https:\/\/www.pancevo.rs\/bg\/#\/schema\/person\/80fba9b8ccb47613c08e0eaf5bc89a1b\"},\"breadcrumb\":{\"@id\":\"http:\/\/www.pancevo.rs\/en\/news\/contract-signed-between-pancevo-and-zf-serbia-d-o-o\/#breadcrumb\"},\"inLanguage\":\"en-US\",\"potentialAction\":[{\"@type\":\"ReadAction\",\"target\":[\"http:\/\/www.pancevo.rs\/en\/news\/contract-signed-between-pancevo-and-zf-serbia-d-o-o\/\"]}]},{\"@type\":\"ImageObject\",\"inLanguage\":\"en-US\",\"@id\":\"http:\/\/www.pancevo.rs\/en\/news\/contract-signed-between-pancevo-and-zf-serbia-d-o-o\/#primaryimage\",\"url\":\"https:\/\/www.pancevo.rs\/sadrzaj\/uploads\/2018\/05\/index-1.png\",\"contentUrl\":\"https:\/\/www.pancevo.rs\/sadrzaj\/uploads\/2018\/05\/index-1.png\",\"width\":275,\"height\":212,\"caption\":\"ZF belo logo\"},{\"@type\":\"BreadcrumbList\",\"@id\":\"http:\/\/www.pancevo.rs\/en\/news\/contract-signed-between-pancevo-and-zf-serbia-d-o-o\/#breadcrumb\",\"itemListElement\":[{\"@type\":\"ListItem\",\"position\":1,\"name\":\"Home\",\"item\":\"https:\/\/www.pancevo.rs\/en\/\"},{\"@type\":\"ListItem\",\"position\":2,\"name\":\"Contract signed between Pan\u010devo and ZF Serbia d.o.o.\"}]},{\"@type\":\"WebSite\",\"@id\":\"https:\/\/www.pancevo.rs\/bg\/#website\",\"url\":\"https:\/\/www.pancevo.rs\/bg\/\",\"name\":\"\u0413\u0440\u0430\u0434 \u041f\u0430\u043d\u0447\u0435\u0432\u043e\",\"description\":\"\u0417\u0432\u0430\u043d\u0438\u0447\u043d\u0430 \u043f\u0440\u0435\u0437\u0435\u043d\u0442\u0430\u0446\u0438\u0458\u0430 \u0413\u0440\u0430\u0434\u0430 \u041f\u0430\u043d\u0447\u0435\u0432\u0430\",\"potentialAction\":[{\"@type\":\"SearchAction\",\"target\":{\"@type\":\"EntryPoint\",\"urlTemplate\":\"https:\/\/www.pancevo.rs\/bg\/?s={search_term_string}\"},\"query-input\":{\"@type\":\"PropertyValueSpecification\",\"valueRequired\":true,\"valueName\":\"search_term_string\"}}],\"inLanguage\":\"en-US\"},{\"@type\":\"Person\",\"@id\":\"https:\/\/www.pancevo.rs\/bg\/#\/schema\/person\/80fba9b8ccb47613c08e0eaf5bc89a1b\",\"name\":\"Tamara\",\"image\":{\"@type\":\"ImageObject\",\"inLanguage\":\"en-US\",\"@id\":\"https:\/\/www.pancevo.rs\/bg\/#\/schema\/person\/image\/\",\"url\":\"https:\/\/secure.gravatar.com\/avatar\/5df34e4cbe03ea5a4cdc12051616d947500ba700639912bc7b77d8e359b7a273?s=96&d=mm&r=g\",\"contentUrl\":\"https:\/\/secure.gravatar.com\/avatar\/5df34e4cbe03ea5a4cdc12051616d947500ba700639912bc7b77d8e359b7a273?s=96&d=mm&r=g\",\"caption\":\"Tamara\"}}]}<\/script>\n<!-- \/ Yoast SEO plugin. -->","yoast_head_json":{"title":"Contract signed between Pan\u010devo and ZF Serbia d.o.o. - \u0413\u0440\u0430\u0434 \u041f\u0430\u043d\u0447\u0435\u0432\u043e","robots":{"index":"index","follow":"follow","max-snippet":"max-snippet:-1","max-image-preview":"max-image-preview:large","max-video-preview":"max-video-preview:-1"},"canonical":"http:\/\/www.pancevo.rs\/en\/news\/contract-signed-between-pancevo-and-zf-serbia-d-o-o\/","og_locale":"en_US","og_type":"article","og_title":"Contract signed between Pan\u010devo and ZF Serbia d.o.o. - \u0413\u0440\u0430\u0434 \u041f\u0430\u043d\u0447\u0435\u0432\u043e","og_description":"On 25.04.2019, a contract was signed about alienation of the construction land on the Cadastre plot 9416\/25 of the Pan\u010devo Cadastre Municipality, between the City of Pan\u010devo and the company ZF Serbia d.o.o., Pan\u010devo. On behalf of the City, the contract was signed by Sa\u0161a Pavlov, Mayor, and on behalf of the German company ZF Friedrichshafen AG, it was signed by Milan Gruji\u0107, Manager of the company ZF Serbia d.o.o., Pan\u010devo. This contract allows for continuation of activities on obtaining the building permit for construction of the second phase of investment of this company in the North Industrial Zone in Pan\u010devo. The second phase involves building of a production facility of 29500m2, building of a research and development centre of 5000m2, and opening of a minimum of 460 new work places.","og_url":"http:\/\/www.pancevo.rs\/en\/news\/contract-signed-between-pancevo-and-zf-serbia-d-o-o\/","og_site_name":"\u0413\u0440\u0430\u0434 \u041f\u0430\u043d\u0447\u0435\u0432\u043e","article_published_time":"2019-05-17T07:50:55+00:00","article_modified_time":"2019-05-17T12:42:44+00:00","og_image":[{"width":275,"height":212,"url":"http:\/\/www.pancevo.rs\/sadrzaj\/uploads\/2018\/05\/index-1.png","type":"image\/png"}],"author":"Tamara","twitter_card":"summary_large_image","twitter_misc":{"Written by":"Tamara","Est. reading time":"1 minute"},"schema":{"@context":"https:\/\/schema.org","@graph":[{"@type":"WebPage","@id":"http:\/\/www.pancevo.rs\/en\/news\/contract-signed-between-pancevo-and-zf-serbia-d-o-o\/","url":"http:\/\/www.pancevo.rs\/en\/news\/contract-signed-between-pancevo-and-zf-serbia-d-o-o\/","name":"Contract signed between Pan\u010devo and ZF Serbia d.o.o. - \u0413\u0440\u0430\u0434 \u041f\u0430\u043d\u0447\u0435\u0432\u043e","isPartOf":{"@id":"https:\/\/www.pancevo.rs\/bg\/#website"},"primaryImageOfPage":{"@id":"http:\/\/www.pancevo.rs\/en\/news\/contract-signed-between-pancevo-and-zf-serbia-d-o-o\/#primaryimage"},"image":{"@id":"http:\/\/www.pancevo.rs\/en\/news\/contract-signed-between-pancevo-and-zf-serbia-d-o-o\/#primaryimage"},"thumbnailUrl":"https:\/\/www.pancevo.rs\/sadrzaj\/uploads\/2018\/05\/index-1.png","datePublished":"2019-05-17T07:50:55+00:00","dateModified":"2019-05-17T12:42:44+00:00","author":{"@id":"https:\/\/www.pancevo.rs\/bg\/#\/schema\/person\/80fba9b8ccb47613c08e0eaf5bc89a1b"},"breadcrumb":{"@id":"http:\/\/www.pancevo.rs\/en\/news\/contract-signed-between-pancevo-and-zf-serbia-d-o-o\/#breadcrumb"},"inLanguage":"en-US","potentialAction":[{"@type":"ReadAction","target":["http:\/\/www.pancevo.rs\/en\/news\/contract-signed-between-pancevo-and-zf-serbia-d-o-o\/"]}]},{"@type":"ImageObject","inLanguage":"en-US","@id":"http:\/\/www.pancevo.rs\/en\/news\/contract-signed-between-pancevo-and-zf-serbia-d-o-o\/#primaryimage","url":"https:\/\/www.pancevo.rs\/sadrzaj\/uploads\/2018\/05\/index-1.png","contentUrl":"https:\/\/www.pancevo.rs\/sadrzaj\/uploads\/2018\/05\/index-1.png","width":275,"height":212,"caption":"ZF belo logo"},{"@type":"BreadcrumbList","@id":"http:\/\/www.pancevo.rs\/en\/news\/contract-signed-between-pancevo-and-zf-serbia-d-o-o\/#breadcrumb","itemListElement":[{"@type":"ListItem","position":1,"name":"Home","item":"https:\/\/www.pancevo.rs\/en\/"},{"@type":"ListItem","position":2,"name":"Contract signed between Pan\u010devo and ZF Serbia d.o.o."}]},{"@type":"WebSite","@id":"https:\/\/www.pancevo.rs\/bg\/#website","url":"https:\/\/www.pancevo.rs\/bg\/","name":"\u0413\u0440\u0430\u0434 \u041f\u0430\u043d\u0447\u0435\u0432\u043e","description":"\u0417\u0432\u0430\u043d\u0438\u0447\u043d\u0430 \u043f\u0440\u0435\u0437\u0435\u043d\u0442\u0430\u0446\u0438\u0458\u0430 \u0413\u0440\u0430\u0434\u0430 \u041f\u0430\u043d\u0447\u0435\u0432\u0430","potentialAction":[{"@type":"SearchAction","target":{"@type":"EntryPoint","urlTemplate":"https:\/\/www.pancevo.rs\/bg\/?s={search_term_string}"},"query-input":{"@type":"PropertyValueSpecification","valueRequired":true,"valueName":"search_term_string"}}],"inLanguage":"en-US"},{"@type":"Person","@id":"https:\/\/www.pancevo.rs\/bg\/#\/schema\/person\/80fba9b8ccb47613c08e0eaf5bc89a1b","name":"Tamara","image":{"@type":"ImageObject","inLanguage":"en-US","@id":"https:\/\/www.pancevo.rs\/bg\/#\/schema\/person\/image\/","url":"https:\/\/secure.gravatar.com\/avatar\/5df34e4cbe03ea5a4cdc12051616d947500ba700639912bc7b77d8e359b7a273?s=96&d=mm&r=g","contentUrl":"https:\/\/secure.gravatar.com\/avatar\/5df34e4cbe03ea5a4cdc12051616d947500ba700639912bc7b77d8e359b7a273?s=96&d=mm&r=g","caption":"Tamara"}}]}},"_links":{"self":[{"href":"https:\/\/www.pancevo.rs\/en\/wp-json\/wp\/v2\/posts\/66508\/"}],"collection":[{"href":"https:\/\/www.pancevo.rs\/en\/wp-json\/wp\/v2\/posts\/"}],"about":[{"href":"https:\/\/www.pancevo.rs\/en\/wp-json\/wp\/v2\/types\/post\/"}],"author":[{"embeddable":true,"href":"https:\/\/www.pancevo.rs\/en\/wp-json\/wp\/v2\/users\/36\/"}],"replies":[{"embeddable":true,"href":"https:\/\/www.pancevo.rs\/en\/wp-json\/wp\/v2\/comments\/?post=66508"}],"version-history":[{"count":1,"href":"https:\/\/www.pancevo.rs\/en\/wp-json\/wp\/v2\/posts\/66508\/revisions\/"}],"predecessor-version":[{"id":66509,"href":"https:\/\/www.pancevo.rs\/en\/wp-json\/wp\/v2\/posts\/66508\/revisions\/66509\/"}],"wp:featuredmedia":[{"embeddable":true,"href":"https:\/\/www.pancevo.rs\/en\/wp-json\/wp\/v2\/media\/66423\/"}],"wp:attachment":[{"href":"https:\/\/www.pancevo.rs\/en\/wp-json\/wp\/v2\/media\/?parent=66508"}],"wp:term":[{"taxonomy":"category","embeddable":true,"href":"https:\/\/www.pancevo.rs\/en\/wp-json\/wp\/v2\/categories\/?post=66508"},{"taxonomy":"post_tag","embeddable":true,"href":"https:\/\/www.pancevo.rs\/en\/wp-json\/wp\/v2\/tags\/?post=66508"}],"curies":[{"name":"wp","href":"https:\/\/api.w.org\/{rel}","templated":true}]}}